{"id":28681,"date":"2024-11-04T10:59:00","date_gmt":"2024-11-04T10:59:00","guid":{"rendered":"https:\/\/sustain-ed.eu\/?p=28681"},"modified":"2025-11-19T06:15:44","modified_gmt":"2025-11-19T06:15:44","slug":"segunda-reunion-del-proyecto-sustained-en-barcelona-espana","status":"publish","type":"post","link":"https:\/\/sustain-ed.eu\/es\/segunda-reunion-del-proyecto-sustained-en-barcelona-espana\/","title":{"rendered":"Segunda reuni\u00f3n del proyecto SustainEd en Barcelona, Espa\u00f1a"},"content":{"rendered":"\n<p>\u00a1Estamos encantados de compartir los aspectos m\u00e1s destacados de la segunda reuni\u00f3n transnacional del proyecto, celebrada en la hermosa Barcelona, \u200b\u200bEspa\u00f1a, los d\u00edas 29 y 30 de octubre!<\/p>\n\n\n\n<p>En la Biblioteca de Humanidades del Espacio <em>COMTEC <\/em>de la Universidad Aut\u00f3noma de Barcelona en el Campus de Bellaterra, el equipo de SustainEd se reuni\u00f3 para avanzar en nuestra misi\u00f3n de transformar la educaci\u00f3n en sostenibilidad en la Educaci\u00f3n Superior a trav\u00e9s de soluciones de aprendizaje innovadoras como laboratorios vivientes y WebQuests.<\/p>\n\n\n\n<h2 class=\"wp-block-heading has-medium-font-size\">A continuaci\u00f3n, un vistazo r\u00e1pido de lo que cubrimos:<\/h2>\n\n\n\n<ol class=\"wp-block-list\">\n<li><strong><strong><strong>Desarollo de SustainEdX<\/strong><\/strong><\/strong> (WP2)<br>Un conjunto de herramientas dise\u00f1ado para mejorar las experiencias de aprendizaje sostenibles para los estudiantes universitarios. Se discuti\u00f3 la finalizaci\u00f3n de las traducciones, se inform\u00f3 sobre el progreso t\u00e9cnico y se planea la prueba piloto en cada pa\u00eds socio.<\/li>\n\n\n\n<li><strong><strong>Recursos para educadores<\/strong><\/strong>: Marcos para el Manual y Gu\u00eda de Docencia Sostenible, junto con la planificaci\u00f3n de una pr\u00f3xima formaci\u00f3n de docentes en Barcelona.<\/li>\n\n\n\n<li><strong><strong>Visita al Campus Living Lab<\/strong><\/strong>: \u00a1Una visita a los living labs de la UAB nos permiti\u00f3 sumergirnos en pr\u00e1cticas pr\u00e1cticas de sostenibilidad en el campus!<\/li>\n\n\n\n<li><strong><strong><strong>Planificaci\u00f3n de difusi\u00f3n y divulgaci\u00f3n<\/strong><\/strong> <\/strong>(WP4): Sesiones colaborativas enfocadas en maximizar el alcance y el impacto de SustainEd en los pr\u00f3ximos meses. Sesiones de gesti\u00f3n de proyectos y control de calidad, que abarcan indicadores clave de desempe\u00f1o y estrategias de evaluaci\u00f3n.<\/li>\n<\/ol>\n\n\n\n<figure class=\"wp-block-image size-large has-custom-border\" style=\"margin-top:var(--wp--preset--spacing--20);margin-right:var(--wp--preset--spacing--20);margin-bottom:var(--wp--preset--spacing--20);margin-left:var(--wp--preset--spacing--20)\"><img fetchpriority=\"high\" decoding=\"async\" width=\"1024\" height=\"771\" src=\"https:\/\/sustain-ed.eu\/wp-content\/uploads\/2024\/11\/IMG_20241029_095718-1024x771.jpg\" alt=\"\" class=\"wp-image-28668\" style=\"border-radius:50px\" srcset=\"https:\/\/sustain-ed.eu\/wp-content\/uploads\/2024\/11\/IMG_20241029_095718-1024x771.jpg 1024w, https:\/\/sustain-ed.eu\/wp-content\/uploads\/2024\/11\/IMG_20241029_095718-300x226.jpg 300w, https:\/\/sustain-ed.eu\/wp-content\/uploads\/2024\/11\/IMG_20241029_095718-768x578.jpg 768w, https:\/\/sustain-ed.eu\/wp-content\/uploads\/2024\/11\/IMG_20241029_095718-1536x1157.jpg 1536w, https:\/\/sustain-ed.eu\/wp-content\/uploads\/2024\/11\/IMG_20241029_095718-2048x1542.jpg 2048w, https:\/\/sustain-ed.eu\/wp-content\/uploads\/2024\/11\/IMG_20241029_095718-370x279.jpg 370w, https:\/\/sustain-ed.eu\/wp-content\/uploads\/2024\/11\/IMG_20241029_095718-840x632.jpg 840w, https:\/\/sustain-ed.eu\/wp-content\/uploads\/2024\/11\/IMG_20241029_095718-410x309.jpg 410w, https:\/\/sustain-ed.eu\/wp-content\/uploads\/2024\/11\/IMG_20241029_095718-scaled.jpg 1500w\" sizes=\"(max-width: 1024px) 100vw, 1024px\" \/><\/figure>\n\n\n\n<p><\/p>\n","protected":false},"excerpt":{"rendered":"<p>\u00a1Estamos encantados de compartir los aspectos m\u00e1s destacados de la segunda reuni\u00f3n transnacional del proyecto, celebrada en la hermosa Barcelona, \u200b\u200bEspa\u00f1a, los d\u00edas 29 y 30 de octubre!<\/p>\n","protected":false},"author":1,"featured_media":28667,"comment_status":"closed","ping_status":"closed","sticky":false,"template":"","format":"standard","meta":{"footnotes":""},"categories":[238,240],"tags":[],"class_list":["post-28681","post","type-post","status-publish","format-standard","has-post-thumbnail","hentry","category-noticias","category-reuniones-de-proyecto"],"yoast_head":"<!-- This site is optimized with the Yoast SEO plugin v27.4 - https:\/\/yoast.com\/product\/yoast-seo-wordpress\/ -->\n<title>Segunda reuni\u00f3n del proyecto SustainEd en Barcelona, Espa\u00f1a | SustainEd<\/title>\n<meta name=\"robots\" content=\"index, follow, max-snippet:-1, max-image-preview:large, max-video-preview:-1\" \/>\n<link rel=\"canonical\" href=\"https:\/\/sustain-ed.eu\/es\/segunda-reunion-del-proyecto-sustained-en-barcelona-espana\/\" \/>\n<meta property=\"og:locale\" content=\"es_ES\" \/>\n<meta property=\"og:type\" content=\"article\" \/>\n<meta property=\"og:title\" content=\"Segunda reuni\u00f3n del proyecto SustainEd en Barcelona, Espa\u00f1a | SustainEd\" \/>\n<meta property=\"og:description\" content=\"\u00a1Estamos encantados de compartir los aspectos m\u00e1s destacados de la segunda reuni\u00f3n transnacional del proyecto, celebrada en la hermosa Barcelona, \u200b\u200bEspa\u00f1a, los d\u00edas 29 y 30 de octubre!\" \/>\n<meta property=\"og:url\" content=\"https:\/\/sustain-ed.eu\/es\/segunda-reunion-del-proyecto-sustained-en-barcelona-espana\/\" \/>\n<meta property=\"og:site_name\" content=\"SustainEd\" \/>\n<meta property=\"article:publisher\" content=\"https:\/\/www.facebook.com\/projectSustainEd\" \/>\n<meta property=\"article:published_time\" content=\"2024-11-04T10:59:00+00:00\" \/>\n<meta property=\"article:modified_time\" content=\"2025-11-19T06:15:44+00:00\" \/>\n<meta property=\"og:image\" content=\"https:\/\/sustain-ed.eu\/wp-content\/uploads\/2024\/11\/IMG_20241029_161712-scaled-e1756882571741.jpg\" \/>\n\t<meta property=\"og:image:width\" content=\"1230\" \/>\n\t<meta property=\"og:image:height\" content=\"926\" \/>\n\t<meta property=\"og:image:type\" content=\"image\/jpeg\" \/>\n<meta name=\"author\" content=\"SustainEd Team\" \/>\n<meta name=\"twitter:card\" content=\"summary_large_image\" \/>\n<meta name=\"twitter:label1\" content=\"Escrito por\" \/>\n\t<meta name=\"twitter:data1\" content=\"SustainEd Team\" \/>\n\t<meta name=\"twitter:label2\" content=\"Tiempo de lectura\" \/>\n\t<meta name=\"twitter:data2\" content=\"1 minuto\" \/>\n<script type=\"application\/ld+json\" class=\"yoast-schema-graph\">{\"@context\":\"https:\\\/\\\/schema.org\",\"@graph\":[{\"@type\":\"Article\",\"@id\":\"https:\\\/\\\/sustain-ed.eu\\\/es\\\/segunda-reunion-del-proyecto-sustained-en-barcelona-espana\\\/#article\",\"isPartOf\":{\"@id\":\"https:\\\/\\\/sustain-ed.eu\\\/es\\\/segunda-reunion-del-proyecto-sustained-en-barcelona-espana\\\/\"},\"author\":{\"name\":\"SustainEd Team\",\"@id\":\"https:\\\/\\\/sustain-ed.eu\\\/#\\\/schema\\\/person\\\/3790aa054fac2dcd22115198f75c869d\"},\"headline\":\"Segunda reuni\u00f3n del proyecto SustainEd en Barcelona, Espa\u00f1a\",\"datePublished\":\"2024-11-04T10:59:00+00:00\",\"dateModified\":\"2025-11-19T06:15:44+00:00\",\"mainEntityOfPage\":{\"@id\":\"https:\\\/\\\/sustain-ed.eu\\\/es\\\/segunda-reunion-del-proyecto-sustained-en-barcelona-espana\\\/\"},\"wordCount\":258,\"publisher\":{\"@id\":\"https:\\\/\\\/sustain-ed.eu\\\/#organization\"},\"image\":{\"@id\":\"https:\\\/\\\/sustain-ed.eu\\\/es\\\/segunda-reunion-del-proyecto-sustained-en-barcelona-espana\\\/#primaryimage\"},\"thumbnailUrl\":\"https:\\\/\\\/sustain-ed.eu\\\/wp-content\\\/uploads\\\/2024\\\/11\\\/IMG_20241029_161712-scaled-e1756882571741.jpg\",\"articleSection\":[\"Noticias\",\"Reuniones de proyecto\"],\"inLanguage\":\"es\"},{\"@type\":\"WebPage\",\"@id\":\"https:\\\/\\\/sustain-ed.eu\\\/es\\\/segunda-reunion-del-proyecto-sustained-en-barcelona-espana\\\/\",\"url\":\"https:\\\/\\\/sustain-ed.eu\\\/es\\\/segunda-reunion-del-proyecto-sustained-en-barcelona-espana\\\/\",\"name\":\"Segunda reuni\u00f3n del proyecto SustainEd en Barcelona, Espa\u00f1a | SustainEd\",\"isPartOf\":{\"@id\":\"https:\\\/\\\/sustain-ed.eu\\\/#website\"},\"primaryImageOfPage\":{\"@id\":\"https:\\\/\\\/sustain-ed.eu\\\/es\\\/segunda-reunion-del-proyecto-sustained-en-barcelona-espana\\\/#primaryimage\"},\"image\":{\"@id\":\"https:\\\/\\\/sustain-ed.eu\\\/es\\\/segunda-reunion-del-proyecto-sustained-en-barcelona-espana\\\/#primaryimage\"},\"thumbnailUrl\":\"https:\\\/\\\/sustain-ed.eu\\\/wp-content\\\/uploads\\\/2024\\\/11\\\/IMG_20241029_161712-scaled-e1756882571741.jpg\",\"datePublished\":\"2024-11-04T10:59:00+00:00\",\"dateModified\":\"2025-11-19T06:15:44+00:00\",\"breadcrumb\":{\"@id\":\"https:\\\/\\\/sustain-ed.eu\\\/es\\\/segunda-reunion-del-proyecto-sustained-en-barcelona-espana\\\/#breadcrumb\"},\"inLanguage\":\"es\",\"potentialAction\":[{\"@type\":\"ReadAction\",\"target\":[\"https:\\\/\\\/sustain-ed.eu\\\/es\\\/segunda-reunion-del-proyecto-sustained-en-barcelona-espana\\\/\"]}]},{\"@type\":\"ImageObject\",\"inLanguage\":\"es\",\"@id\":\"https:\\\/\\\/sustain-ed.eu\\\/es\\\/segunda-reunion-del-proyecto-sustained-en-barcelona-espana\\\/#primaryimage\",\"url\":\"https:\\\/\\\/sustain-ed.eu\\\/wp-content\\\/uploads\\\/2024\\\/11\\\/IMG_20241029_161712-scaled-e1756882571741.jpg\",\"contentUrl\":\"https:\\\/\\\/sustain-ed.eu\\\/wp-content\\\/uploads\\\/2024\\\/11\\\/IMG_20241029_161712-scaled-e1756882571741.jpg\",\"width\":1230,\"height\":926},{\"@type\":\"BreadcrumbList\",\"@id\":\"https:\\\/\\\/sustain-ed.eu\\\/es\\\/segunda-reunion-del-proyecto-sustained-en-barcelona-espana\\\/#breadcrumb\",\"itemListElement\":[{\"@type\":\"ListItem\",\"position\":1,\"name\":\"Home\",\"item\":\"https:\\\/\\\/sustain-ed.eu\\\/es\\\/\"},{\"@type\":\"ListItem\",\"position\":2,\"name\":\"Segunda reuni\u00f3n del proyecto SustainEd en Barcelona, Espa\u00f1a\"}]},{\"@type\":\"WebSite\",\"@id\":\"https:\\\/\\\/sustain-ed.eu\\\/#website\",\"url\":\"https:\\\/\\\/sustain-ed.eu\\\/\",\"name\":\"SustainEd\",\"description\":\"SustainEd Erasmus+ Project\",\"publisher\":{\"@id\":\"https:\\\/\\\/sustain-ed.eu\\\/#organization\"},\"potentialAction\":[{\"@type\":\"SearchAction\",\"target\":{\"@type\":\"EntryPoint\",\"urlTemplate\":\"https:\\\/\\\/sustain-ed.eu\\\/?s={search_term_string}\"},\"query-input\":{\"@type\":\"PropertyValueSpecification\",\"valueRequired\":true,\"valueName\":\"search_term_string\"}}],\"inLanguage\":\"es\"},{\"@type\":\"Organization\",\"@id\":\"https:\\\/\\\/sustain-ed.eu\\\/#organization\",\"name\":\"SustainEd\",\"url\":\"https:\\\/\\\/sustain-ed.eu\\\/\",\"logo\":{\"@type\":\"ImageObject\",\"inLanguage\":\"es\",\"@id\":\"https:\\\/\\\/sustain-ed.eu\\\/#\\\/schema\\\/logo\\\/image\\\/\",\"url\":\"https:\\\/\\\/sustain-ed.eu\\\/wp-content\\\/uploads\\\/2024\\\/06\\\/SustainEd_Logo.png\",\"contentUrl\":\"https:\\\/\\\/sustain-ed.eu\\\/wp-content\\\/uploads\\\/2024\\\/06\\\/SustainEd_Logo.png\",\"width\":300,\"height\":300,\"caption\":\"SustainEd\"},\"image\":{\"@id\":\"https:\\\/\\\/sustain-ed.eu\\\/#\\\/schema\\\/logo\\\/image\\\/\"},\"sameAs\":[\"https:\\\/\\\/www.facebook.com\\\/projectSustainEd\",\"https:\\\/\\\/www.linkedin.com\\\/company\\\/102452710\",\"https:\\\/\\\/www.youtube.com\\\/@SustainEdProject\"]},{\"@type\":\"Person\",\"@id\":\"https:\\\/\\\/sustain-ed.eu\\\/#\\\/schema\\\/person\\\/3790aa054fac2dcd22115198f75c869d\",\"name\":\"SustainEd Team\",\"image\":{\"@type\":\"ImageObject\",\"inLanguage\":\"es\",\"@id\":\"https:\\\/\\\/secure.gravatar.com\\\/avatar\\\/e912995d493c50cd3120914b9054f02a8fbc89f52f9dd7b0e8b832064a4ec7f9?s=96&d=mm&r=g\",\"url\":\"https:\\\/\\\/secure.gravatar.com\\\/avatar\\\/e912995d493c50cd3120914b9054f02a8fbc89f52f9dd7b0e8b832064a4ec7f9?s=96&d=mm&r=g\",\"contentUrl\":\"https:\\\/\\\/secure.gravatar.com\\\/avatar\\\/e912995d493c50cd3120914b9054f02a8fbc89f52f9dd7b0e8b832064a4ec7f9?s=96&d=mm&r=g\",\"caption\":\"SustainEd Team\"},\"sameAs\":[\"https:\\\/\\\/sustain-ed.eu\"],\"url\":\"https:\\\/\\\/sustain-ed.eu\\\/es\\\/author\\\/sustainedadm\\\/\"}]}<\/script>\n<!-- \/ Yoast SEO plugin. -->","yoast_head_json":{"title":"Segunda reuni\u00f3n del proyecto SustainEd en Barcelona, Espa\u00f1a | SustainEd","robots":{"index":"index","follow":"follow","max-snippet":"max-snippet:-1","max-image-preview":"max-image-preview:large","max-video-preview":"max-video-preview:-1"},"canonical":"https:\/\/sustain-ed.eu\/es\/segunda-reunion-del-proyecto-sustained-en-barcelona-espana\/","og_locale":"es_ES","og_type":"article","og_title":"Segunda reuni\u00f3n del proyecto SustainEd en Barcelona, Espa\u00f1a | SustainEd","og_description":"\u00a1Estamos encantados de compartir los aspectos m\u00e1s destacados de la segunda reuni\u00f3n transnacional del proyecto, celebrada en la hermosa Barcelona, \u200b\u200bEspa\u00f1a, los d\u00edas 29 y 30 de octubre!","og_url":"https:\/\/sustain-ed.eu\/es\/segunda-reunion-del-proyecto-sustained-en-barcelona-espana\/","og_site_name":"SustainEd","article_publisher":"https:\/\/www.facebook.com\/projectSustainEd","article_published_time":"2024-11-04T10:59:00+00:00","article_modified_time":"2025-11-19T06:15:44+00:00","og_image":[{"width":1230,"height":926,"url":"https:\/\/sustain-ed.eu\/wp-content\/uploads\/2024\/11\/IMG_20241029_161712-scaled-e1756882571741.jpg","type":"image\/jpeg"}],"author":"SustainEd Team","twitter_card":"summary_large_image","twitter_misc":{"Escrito por":"SustainEd Team","Tiempo de lectura":"1 minuto"},"schema":{"@context":"https:\/\/schema.org","@graph":[{"@type":"Article","@id":"https:\/\/sustain-ed.eu\/es\/segunda-reunion-del-proyecto-sustained-en-barcelona-espana\/#article","isPartOf":{"@id":"https:\/\/sustain-ed.eu\/es\/segunda-reunion-del-proyecto-sustained-en-barcelona-espana\/"},"author":{"name":"SustainEd Team","@id":"https:\/\/sustain-ed.eu\/#\/schema\/person\/3790aa054fac2dcd22115198f75c869d"},"headline":"Segunda reuni\u00f3n del proyecto SustainEd en Barcelona, Espa\u00f1a","datePublished":"2024-11-04T10:59:00+00:00","dateModified":"2025-11-19T06:15:44+00:00","mainEntityOfPage":{"@id":"https:\/\/sustain-ed.eu\/es\/segunda-reunion-del-proyecto-sustained-en-barcelona-espana\/"},"wordCount":258,"publisher":{"@id":"https:\/\/sustain-ed.eu\/#organization"},"image":{"@id":"https:\/\/sustain-ed.eu\/es\/segunda-reunion-del-proyecto-sustained-en-barcelona-espana\/#primaryimage"},"thumbnailUrl":"https:\/\/sustain-ed.eu\/wp-content\/uploads\/2024\/11\/IMG_20241029_161712-scaled-e1756882571741.jpg","articleSection":["Noticias","Reuniones de proyecto"],"inLanguage":"es"},{"@type":"WebPage","@id":"https:\/\/sustain-ed.eu\/es\/segunda-reunion-del-proyecto-sustained-en-barcelona-espana\/","url":"https:\/\/sustain-ed.eu\/es\/segunda-reunion-del-proyecto-sustained-en-barcelona-espana\/","name":"Segunda reuni\u00f3n del proyecto SustainEd en Barcelona, Espa\u00f1a | SustainEd","isPartOf":{"@id":"https:\/\/sustain-ed.eu\/#website"},"primaryImageOfPage":{"@id":"https:\/\/sustain-ed.eu\/es\/segunda-reunion-del-proyecto-sustained-en-barcelona-espana\/#primaryimage"},"image":{"@id":"https:\/\/sustain-ed.eu\/es\/segunda-reunion-del-proyecto-sustained-en-barcelona-espana\/#primaryimage"},"thumbnailUrl":"https:\/\/sustain-ed.eu\/wp-content\/uploads\/2024\/11\/IMG_20241029_161712-scaled-e1756882571741.jpg","datePublished":"2024-11-04T10:59:00+00:00","dateModified":"2025-11-19T06:15:44+00:00","breadcrumb":{"@id":"https:\/\/sustain-ed.eu\/es\/segunda-reunion-del-proyecto-sustained-en-barcelona-espana\/#breadcrumb"},"inLanguage":"es","potentialAction":[{"@type":"ReadAction","target":["https:\/\/sustain-ed.eu\/es\/segunda-reunion-del-proyecto-sustained-en-barcelona-espana\/"]}]},{"@type":"ImageObject","inLanguage":"es","@id":"https:\/\/sustain-ed.eu\/es\/segunda-reunion-del-proyecto-sustained-en-barcelona-espana\/#primaryimage","url":"https:\/\/sustain-ed.eu\/wp-content\/uploads\/2024\/11\/IMG_20241029_161712-scaled-e1756882571741.jpg","contentUrl":"https:\/\/sustain-ed.eu\/wp-content\/uploads\/2024\/11\/IMG_20241029_161712-scaled-e1756882571741.jpg","width":1230,"height":926},{"@type":"BreadcrumbList","@id":"https:\/\/sustain-ed.eu\/es\/segunda-reunion-del-proyecto-sustained-en-barcelona-espana\/#breadcrumb","itemListElement":[{"@type":"ListItem","position":1,"name":"Home","item":"https:\/\/sustain-ed.eu\/es\/"},{"@type":"ListItem","position":2,"name":"Segunda reuni\u00f3n del proyecto SustainEd en Barcelona, Espa\u00f1a"}]},{"@type":"WebSite","@id":"https:\/\/sustain-ed.eu\/#website","url":"https:\/\/sustain-ed.eu\/","name":"SustainEd","description":"SustainEd Erasmus+ Project","publisher":{"@id":"https:\/\/sustain-ed.eu\/#organization"},"potentialAction":[{"@type":"SearchAction","target":{"@type":"EntryPoint","urlTemplate":"https:\/\/sustain-ed.eu\/?s={search_term_string}"},"query-input":{"@type":"PropertyValueSpecification","valueRequired":true,"valueName":"search_term_string"}}],"inLanguage":"es"},{"@type":"Organization","@id":"https:\/\/sustain-ed.eu\/#organization","name":"SustainEd","url":"https:\/\/sustain-ed.eu\/","logo":{"@type":"ImageObject","inLanguage":"es","@id":"https:\/\/sustain-ed.eu\/#\/schema\/logo\/image\/","url":"https:\/\/sustain-ed.eu\/wp-content\/uploads\/2024\/06\/SustainEd_Logo.png","contentUrl":"https:\/\/sustain-ed.eu\/wp-content\/uploads\/2024\/06\/SustainEd_Logo.png","width":300,"height":300,"caption":"SustainEd"},"image":{"@id":"https:\/\/sustain-ed.eu\/#\/schema\/logo\/image\/"},"sameAs":["https:\/\/www.facebook.com\/projectSustainEd","https:\/\/www.linkedin.com\/company\/102452710","https:\/\/www.youtube.com\/@SustainEdProject"]},{"@type":"Person","@id":"https:\/\/sustain-ed.eu\/#\/schema\/person\/3790aa054fac2dcd22115198f75c869d","name":"SustainEd Team","image":{"@type":"ImageObject","inLanguage":"es","@id":"https:\/\/secure.gravatar.com\/avatar\/e912995d493c50cd3120914b9054f02a8fbc89f52f9dd7b0e8b832064a4ec7f9?s=96&d=mm&r=g","url":"https:\/\/secure.gravatar.com\/avatar\/e912995d493c50cd3120914b9054f02a8fbc89f52f9dd7b0e8b832064a4ec7f9?s=96&d=mm&r=g","contentUrl":"https:\/\/secure.gravatar.com\/avatar\/e912995d493c50cd3120914b9054f02a8fbc89f52f9dd7b0e8b832064a4ec7f9?s=96&d=mm&r=g","caption":"SustainEd Team"},"sameAs":["https:\/\/sustain-ed.eu"],"url":"https:\/\/sustain-ed.eu\/es\/author\/sustainedadm\/"}]}},"_links":{"self":[{"href":"https:\/\/sustain-ed.eu\/es\/wp-json\/wp\/v2\/posts\/28681","targetHints":{"allow":["GET"]}}],"collection":[{"href":"https:\/\/sustain-ed.eu\/es\/wp-json\/wp\/v2\/posts"}],"about":[{"href":"https:\/\/sustain-ed.eu\/es\/wp-json\/wp\/v2\/types\/post"}],"author":[{"embeddable":true,"href":"https:\/\/sustain-ed.eu\/es\/wp-json\/wp\/v2\/users\/1"}],"replies":[{"embeddable":true,"href":"https:\/\/sustain-ed.eu\/es\/wp-json\/wp\/v2\/comments?post=28681"}],"version-history":[{"count":0,"href":"https:\/\/sustain-ed.eu\/es\/wp-json\/wp\/v2\/posts\/28681\/revisions"}],"wp:featuredmedia":[{"embeddable":true,"href":"https:\/\/sustain-ed.eu\/es\/wp-json\/wp\/v2\/media\/28667"}],"wp:attachment":[{"href":"https:\/\/sustain-ed.eu\/es\/wp-json\/wp\/v2\/media?parent=28681"}],"wp:term":[{"taxonomy":"category","embeddable":true,"href":"https:\/\/sustain-ed.eu\/es\/wp-json\/wp\/v2\/categories?post=28681"},{"taxonomy":"post_tag","embeddable":true,"href":"https:\/\/sustain-ed.eu\/es\/wp-json\/wp\/v2\/tags?post=28681"}],"curies":[{"name":"wp","href":"https:\/\/api.w.org\/{rel}","templated":true}]}}