{"id":28675,"date":"2024-11-04T10:59:00","date_gmt":"2024-11-04T10:59:00","guid":{"rendered":"https:\/\/sustain-ed.eu\/?p=28675"},"modified":"2025-11-19T06:15:44","modified_gmt":"2025-11-19T06:15:44","slug":"a-sustained-projekt-masodik-szemelyes-talalkozoja-barcelonaban-spanyolorszagban","status":"publish","type":"post","link":"https:\/\/sustain-ed.eu\/hu\/a-sustained-projekt-masodik-szemelyes-talalkozoja-barcelonaban-spanyolorszagban\/","title":{"rendered":"A SustainEd projekt m\u00e1sodik szem\u00e9lyes tal\u00e1lkoz\u00f3ja Barcelon\u00e1ban, Spanyolorsz\u00e1gban"},"content":{"rendered":"\n<p>\u00d6r\u00f6mmel osztjuk meg a gy\u00f6ny\u00f6r\u0171 spanyolorsz\u00e1gi Barcelon\u00e1ban, okt\u00f3ber 29-\u00e9n \u00e9s 30-\u00e1n tartott m\u00e1sodik transznacion\u00e1lis projekttal\u00e1lkoz\u00f3 legfontosabb esem\u00e9nyeit!<\/p>\n\n\n\n<p>A Barcelona Auton\u00f3m Egyetem bellaterrai campus\u00e1n, a <em>COMTEC <\/em>Space b\u00f6lcs\u00e9szettudom\u00e1nyi k\u00f6nyvt\u00e1r\u00e1ban gy\u0171lt \u00f6ssze a SustainEd csapata, hogy innovat\u00edv tanul\u00e1si megold\u00e1sok, p\u00e9ld\u00e1ul \u00e9l\u0151 laborat\u00f3riumok \u00e9s WebQuests seg\u00edts\u00e9g\u00e9vel el\u0151mozd\u00edtsa k\u00fcldet\u00e9s\u00fcnket a fenntarthat\u00f3s\u00e1g oktat\u00e1s\u00e1nak \u00e1talak\u00edt\u00e1s\u00e1ban a fels\u0151oktat\u00e1sban.<\/p>\n\n\n\n<h2 class=\"wp-block-heading has-medium-font-size\">Itt l\u00e1that\u00f3k azok a ter\u00fcletek, melyeket megt\u00e1rgyaltunk:<\/h2>\n\n\n\n<ol class=\"wp-block-list\">\n<li><strong><strong><strong>SustainEdx kifejleszt\u00e9se<\/strong><\/strong><\/strong> (WP2)<br>Az egyetemi hallgat\u00f3k fenntarthat\u00f3 tanul\u00e1si tapasztalatainak fokoz\u00e1s\u00e1ra tervezett eszk\u00f6zt\u00e1r. Megvitattuk a ford\u00edt\u00e1sok v\u00e9gleges\u00edt\u00e9s\u00e9t, a technikai h\u00e1tt\u00e9r alakul\u00e1s\u00e1t, \u00e9s tervezz\u00fck a k\u00eds\u00e9rleti tesztel\u00e9st az egyes partnerorsz\u00e1gokban.<\/li>\n\n\n\n<li><strong><strong>Er\u0151forr\u00e1sok a k\u00e9pz\u0151k sz\u00e1m\u00e1ra<\/strong><\/strong>: A fenntarthat\u00f3 k\u00e9pz\u00e9shez k\u00e9sz\u00fcl\u0151 k\u00e9zik\u00f6nyv \u00e9s \u00fatmutat\u00f3, valamint a k\u00f6zelg\u0151 barcelonai el\u0151ad\u00f3i k\u00e9pz\u00e9s tervez\u00e9se.<\/li>\n\n\n\n<li><strong><strong>A kampuszon m\u0171k\u00f6d\u0151 \u00e9l\u0151 laborokban tett l\u00e1togat\u00e1s<\/strong><\/strong>: A UAB \u00e9l\u0151 laborat\u00f3riumainak megl\u00e1togat\u00e1sa lehet\u0151v\u00e9 tette sz\u00e1munkra, hogy elmer\u00fclj\u00fcnk a gyakorlati fenntarthat\u00f3s\u00e1gi gyakorlatokban k\u00f6zvetlen\u00fcl az egyetemen!<\/li>\n\n\n\n<li><strong><strong><strong>A t\u00e1j\u00e9koztat\u00e1s \u00e9s a disszemin\u00e1ci\u00f3 megtervez\u00e9se<\/strong><\/strong> <\/strong>(WP4): A k\u00f6z\u00f6s munkamegbesz\u00e9l\u00e9sek a SustainEd hat\u00f3k\u00f6r\u00e9nek \u00e9s hat\u00e1s\u00e1nak maximaliz\u00e1l\u00e1s\u00e1ra \u00f6sszpontos\u00edtanak majd az elk\u00f6vetkez\u0151 h\u00f3napokban. Projektmenedzsment \u00e9s min\u0151s\u00e9gbiztos\u00edt\u00e1si megbesz\u00e9l\u00e9sek a kulcsfontoss\u00e1g\u00fa teljes\u00edtm\u00e9nymutat\u00f3kra \u00e9s az \u00e9rt\u00e9kel\u00e9si strat\u00e9gi\u00e1kra terjedtek ki.<\/li>\n<\/ol>\n\n\n\n<figure class=\"wp-block-image size-large has-custom-border\" style=\"margin-top:var(--wp--preset--spacing--20);margin-right:var(--wp--preset--spacing--20);margin-bottom:var(--wp--preset--spacing--20);margin-left:var(--wp--preset--spacing--20)\"><img fetchpriority=\"high\" decoding=\"async\" width=\"1024\" height=\"771\" src=\"https:\/\/sustain-ed.eu\/wp-content\/uploads\/2024\/11\/IMG_20241029_095718-1024x771.jpg\" alt=\"\" class=\"wp-image-28668\" style=\"border-radius:50px\" srcset=\"https:\/\/sustain-ed.eu\/wp-content\/uploads\/2024\/11\/IMG_20241029_095718-1024x771.jpg 1024w, https:\/\/sustain-ed.eu\/wp-content\/uploads\/2024\/11\/IMG_20241029_095718-300x226.jpg 300w, https:\/\/sustain-ed.eu\/wp-content\/uploads\/2024\/11\/IMG_20241029_095718-768x578.jpg 768w, https:\/\/sustain-ed.eu\/wp-content\/uploads\/2024\/11\/IMG_20241029_095718-1536x1157.jpg 1536w, https:\/\/sustain-ed.eu\/wp-content\/uploads\/2024\/11\/IMG_20241029_095718-2048x1542.jpg 2048w, https:\/\/sustain-ed.eu\/wp-content\/uploads\/2024\/11\/IMG_20241029_095718-370x279.jpg 370w, https:\/\/sustain-ed.eu\/wp-content\/uploads\/2024\/11\/IMG_20241029_095718-840x632.jpg 840w, https:\/\/sustain-ed.eu\/wp-content\/uploads\/2024\/11\/IMG_20241029_095718-410x309.jpg 410w, https:\/\/sustain-ed.eu\/wp-content\/uploads\/2024\/11\/IMG_20241029_095718-scaled.jpg 1500w\" sizes=\"(max-width: 1024px) 100vw, 1024px\" \/><\/figure>\n","protected":false},"excerpt":{"rendered":"<p>\u00d6r\u00f6mmel osztjuk meg a gy\u00f6ny\u00f6r\u0171 spanyolorsz\u00e1gi Barcelon\u00e1ban, okt\u00f3ber 29-\u00e9n \u00e9s 30-\u00e1n tartott m\u00e1sodik transznacion\u00e1lis projekttal\u00e1lkoz\u00f3 legfontosabb esem\u00e9nyeit!<\/p>\n","protected":false},"author":1,"featured_media":28667,"comment_status":"closed","ping_status":"closed","sticky":false,"template":"","format":"standard","meta":{"footnotes":""},"categories":[224,226],"tags":[],"class_list":["post-28675","post","type-post","status-publish","format-standard","has-post-thumbnail","hentry","category-hirek","category-projekt-talalkozok"],"yoast_head":"<!-- This site is optimized with the Yoast SEO plugin v27.4 - https:\/\/yoast.com\/product\/yoast-seo-wordpress\/ -->\n<title>A SustainEd projekt m\u00e1sodik szem\u00e9lyes tal\u00e1lkoz\u00f3ja Barcelon\u00e1ban, Spanyolorsz\u00e1gban | SustainEd<\/title>\n<meta name=\"robots\" content=\"index, follow, max-snippet:-1, max-image-preview:large, max-video-preview:-1\" \/>\n<link rel=\"canonical\" href=\"https:\/\/sustain-ed.eu\/hu\/a-sustained-projekt-masodik-szemelyes-talalkozoja-barcelonaban-spanyolorszagban\/\" \/>\n<meta property=\"og:locale\" content=\"hu_HU\" \/>\n<meta property=\"og:type\" content=\"article\" \/>\n<meta property=\"og:title\" content=\"A SustainEd projekt m\u00e1sodik szem\u00e9lyes tal\u00e1lkoz\u00f3ja Barcelon\u00e1ban, Spanyolorsz\u00e1gban | SustainEd\" \/>\n<meta property=\"og:description\" content=\"\u00d6r\u00f6mmel osztjuk meg a gy\u00f6ny\u00f6r\u0171 spanyolorsz\u00e1gi Barcelon\u00e1ban, okt\u00f3ber 29-\u00e9n \u00e9s 30-\u00e1n tartott m\u00e1sodik transznacion\u00e1lis projekttal\u00e1lkoz\u00f3 legfontosabb esem\u00e9nyeit!\" \/>\n<meta property=\"og:url\" content=\"https:\/\/sustain-ed.eu\/hu\/a-sustained-projekt-masodik-szemelyes-talalkozoja-barcelonaban-spanyolorszagban\/\" \/>\n<meta property=\"og:site_name\" content=\"SustainEd\" \/>\n<meta property=\"article:publisher\" content=\"https:\/\/www.facebook.com\/projectSustainEd\" \/>\n<meta property=\"article:published_time\" content=\"2024-11-04T10:59:00+00:00\" \/>\n<meta property=\"article:modified_time\" content=\"2025-11-19T06:15:44+00:00\" \/>\n<meta property=\"og:image\" content=\"https:\/\/sustain-ed.eu\/wp-content\/uploads\/2024\/11\/IMG_20241029_161712-scaled-e1756882571741.jpg\" \/>\n\t<meta property=\"og:image:width\" content=\"1230\" \/>\n\t<meta property=\"og:image:height\" content=\"926\" \/>\n\t<meta property=\"og:image:type\" content=\"image\/jpeg\" \/>\n<meta name=\"author\" content=\"SustainEd Team\" \/>\n<meta name=\"twitter:card\" content=\"summary_large_image\" \/>\n<meta name=\"twitter:label1\" content=\"Szerz\u0151:\" \/>\n\t<meta name=\"twitter:data1\" content=\"SustainEd Team\" \/>\n\t<meta name=\"twitter:label2\" content=\"Becs\u00fclt olvas\u00e1si id\u0151\" \/>\n\t<meta name=\"twitter:data2\" content=\"1 perc\" \/>\n<script type=\"application\/ld+json\" class=\"yoast-schema-graph\">{\"@context\":\"https:\\\/\\\/schema.org\",\"@graph\":[{\"@type\":\"Article\",\"@id\":\"https:\\\/\\\/sustain-ed.eu\\\/hu\\\/a-sustained-projekt-masodik-szemelyes-talalkozoja-barcelonaban-spanyolorszagban\\\/#article\",\"isPartOf\":{\"@id\":\"https:\\\/\\\/sustain-ed.eu\\\/hu\\\/a-sustained-projekt-masodik-szemelyes-talalkozoja-barcelonaban-spanyolorszagban\\\/\"},\"author\":{\"name\":\"SustainEd Team\",\"@id\":\"https:\\\/\\\/sustain-ed.eu\\\/#\\\/schema\\\/person\\\/3790aa054fac2dcd22115198f75c869d\"},\"headline\":\"A SustainEd projekt m\u00e1sodik szem\u00e9lyes tal\u00e1lkoz\u00f3ja Barcelon\u00e1ban, Spanyolorsz\u00e1gban\",\"datePublished\":\"2024-11-04T10:59:00+00:00\",\"dateModified\":\"2025-11-19T06:15:44+00:00\",\"mainEntityOfPage\":{\"@id\":\"https:\\\/\\\/sustain-ed.eu\\\/hu\\\/a-sustained-projekt-masodik-szemelyes-talalkozoja-barcelonaban-spanyolorszagban\\\/\"},\"wordCount\":313,\"publisher\":{\"@id\":\"https:\\\/\\\/sustain-ed.eu\\\/#organization\"},\"image\":{\"@id\":\"https:\\\/\\\/sustain-ed.eu\\\/hu\\\/a-sustained-projekt-masodik-szemelyes-talalkozoja-barcelonaban-spanyolorszagban\\\/#primaryimage\"},\"thumbnailUrl\":\"https:\\\/\\\/sustain-ed.eu\\\/wp-content\\\/uploads\\\/2024\\\/11\\\/IMG_20241029_161712-scaled-e1756882571741.jpg\",\"articleSection\":[\"H\u00edrek\",\"Projekt tal\u00e1lkoz\u00f3k\"],\"inLanguage\":\"hu\"},{\"@type\":\"WebPage\",\"@id\":\"https:\\\/\\\/sustain-ed.eu\\\/hu\\\/a-sustained-projekt-masodik-szemelyes-talalkozoja-barcelonaban-spanyolorszagban\\\/\",\"url\":\"https:\\\/\\\/sustain-ed.eu\\\/hu\\\/a-sustained-projekt-masodik-szemelyes-talalkozoja-barcelonaban-spanyolorszagban\\\/\",\"name\":\"A SustainEd projekt m\u00e1sodik szem\u00e9lyes tal\u00e1lkoz\u00f3ja Barcelon\u00e1ban, Spanyolorsz\u00e1gban | SustainEd\",\"isPartOf\":{\"@id\":\"https:\\\/\\\/sustain-ed.eu\\\/#website\"},\"primaryImageOfPage\":{\"@id\":\"https:\\\/\\\/sustain-ed.eu\\\/hu\\\/a-sustained-projekt-masodik-szemelyes-talalkozoja-barcelonaban-spanyolorszagban\\\/#primaryimage\"},\"image\":{\"@id\":\"https:\\\/\\\/sustain-ed.eu\\\/hu\\\/a-sustained-projekt-masodik-szemelyes-talalkozoja-barcelonaban-spanyolorszagban\\\/#primaryimage\"},\"thumbnailUrl\":\"https:\\\/\\\/sustain-ed.eu\\\/wp-content\\\/uploads\\\/2024\\\/11\\\/IMG_20241029_161712-scaled-e1756882571741.jpg\",\"datePublished\":\"2024-11-04T10:59:00+00:00\",\"dateModified\":\"2025-11-19T06:15:44+00:00\",\"breadcrumb\":{\"@id\":\"https:\\\/\\\/sustain-ed.eu\\\/hu\\\/a-sustained-projekt-masodik-szemelyes-talalkozoja-barcelonaban-spanyolorszagban\\\/#breadcrumb\"},\"inLanguage\":\"hu\",\"potentialAction\":[{\"@type\":\"ReadAction\",\"target\":[\"https:\\\/\\\/sustain-ed.eu\\\/hu\\\/a-sustained-projekt-masodik-szemelyes-talalkozoja-barcelonaban-spanyolorszagban\\\/\"]}]},{\"@type\":\"ImageObject\",\"inLanguage\":\"hu\",\"@id\":\"https:\\\/\\\/sustain-ed.eu\\\/hu\\\/a-sustained-projekt-masodik-szemelyes-talalkozoja-barcelonaban-spanyolorszagban\\\/#primaryimage\",\"url\":\"https:\\\/\\\/sustain-ed.eu\\\/wp-content\\\/uploads\\\/2024\\\/11\\\/IMG_20241029_161712-scaled-e1756882571741.jpg\",\"contentUrl\":\"https:\\\/\\\/sustain-ed.eu\\\/wp-content\\\/uploads\\\/2024\\\/11\\\/IMG_20241029_161712-scaled-e1756882571741.jpg\",\"width\":1230,\"height\":926},{\"@type\":\"BreadcrumbList\",\"@id\":\"https:\\\/\\\/sustain-ed.eu\\\/hu\\\/a-sustained-projekt-masodik-szemelyes-talalkozoja-barcelonaban-spanyolorszagban\\\/#breadcrumb\",\"itemListElement\":[{\"@type\":\"ListItem\",\"position\":1,\"name\":\"Home\",\"item\":\"https:\\\/\\\/sustain-ed.eu\\\/hu\\\/\"},{\"@type\":\"ListItem\",\"position\":2,\"name\":\"A SustainEd projekt m\u00e1sodik szem\u00e9lyes tal\u00e1lkoz\u00f3ja Barcelon\u00e1ban, Spanyolorsz\u00e1gban\"}]},{\"@type\":\"WebSite\",\"@id\":\"https:\\\/\\\/sustain-ed.eu\\\/#website\",\"url\":\"https:\\\/\\\/sustain-ed.eu\\\/\",\"name\":\"SustainEd\",\"description\":\"SustainEd Erasmus+ Project\",\"publisher\":{\"@id\":\"https:\\\/\\\/sustain-ed.eu\\\/#organization\"},\"potentialAction\":[{\"@type\":\"SearchAction\",\"target\":{\"@type\":\"EntryPoint\",\"urlTemplate\":\"https:\\\/\\\/sustain-ed.eu\\\/?s={search_term_string}\"},\"query-input\":{\"@type\":\"PropertyValueSpecification\",\"valueRequired\":true,\"valueName\":\"search_term_string\"}}],\"inLanguage\":\"hu\"},{\"@type\":\"Organization\",\"@id\":\"https:\\\/\\\/sustain-ed.eu\\\/#organization\",\"name\":\"SustainEd\",\"url\":\"https:\\\/\\\/sustain-ed.eu\\\/\",\"logo\":{\"@type\":\"ImageObject\",\"inLanguage\":\"hu\",\"@id\":\"https:\\\/\\\/sustain-ed.eu\\\/#\\\/schema\\\/logo\\\/image\\\/\",\"url\":\"https:\\\/\\\/sustain-ed.eu\\\/wp-content\\\/uploads\\\/2024\\\/06\\\/SustainEd_Logo.png\",\"contentUrl\":\"https:\\\/\\\/sustain-ed.eu\\\/wp-content\\\/uploads\\\/2024\\\/06\\\/SustainEd_Logo.png\",\"width\":300,\"height\":300,\"caption\":\"SustainEd\"},\"image\":{\"@id\":\"https:\\\/\\\/sustain-ed.eu\\\/#\\\/schema\\\/logo\\\/image\\\/\"},\"sameAs\":[\"https:\\\/\\\/www.facebook.com\\\/projectSustainEd\",\"https:\\\/\\\/www.linkedin.com\\\/company\\\/102452710\",\"https:\\\/\\\/www.youtube.com\\\/@SustainEdProject\"]},{\"@type\":\"Person\",\"@id\":\"https:\\\/\\\/sustain-ed.eu\\\/#\\\/schema\\\/person\\\/3790aa054fac2dcd22115198f75c869d\",\"name\":\"SustainEd Team\",\"image\":{\"@type\":\"ImageObject\",\"inLanguage\":\"hu\",\"@id\":\"https:\\\/\\\/secure.gravatar.com\\\/avatar\\\/e912995d493c50cd3120914b9054f02a8fbc89f52f9dd7b0e8b832064a4ec7f9?s=96&d=mm&r=g\",\"url\":\"https:\\\/\\\/secure.gravatar.com\\\/avatar\\\/e912995d493c50cd3120914b9054f02a8fbc89f52f9dd7b0e8b832064a4ec7f9?s=96&d=mm&r=g\",\"contentUrl\":\"https:\\\/\\\/secure.gravatar.com\\\/avatar\\\/e912995d493c50cd3120914b9054f02a8fbc89f52f9dd7b0e8b832064a4ec7f9?s=96&d=mm&r=g\",\"caption\":\"SustainEd Team\"},\"sameAs\":[\"https:\\\/\\\/sustain-ed.eu\"],\"url\":\"https:\\\/\\\/sustain-ed.eu\\\/hu\\\/author\\\/sustainedadm\\\/\"}]}<\/script>\n<!-- \/ Yoast SEO plugin. -->","yoast_head_json":{"title":"A SustainEd projekt m\u00e1sodik szem\u00e9lyes tal\u00e1lkoz\u00f3ja Barcelon\u00e1ban, Spanyolorsz\u00e1gban | SustainEd","robots":{"index":"index","follow":"follow","max-snippet":"max-snippet:-1","max-image-preview":"max-image-preview:large","max-video-preview":"max-video-preview:-1"},"canonical":"https:\/\/sustain-ed.eu\/hu\/a-sustained-projekt-masodik-szemelyes-talalkozoja-barcelonaban-spanyolorszagban\/","og_locale":"hu_HU","og_type":"article","og_title":"A SustainEd projekt m\u00e1sodik szem\u00e9lyes tal\u00e1lkoz\u00f3ja Barcelon\u00e1ban, Spanyolorsz\u00e1gban | SustainEd","og_description":"\u00d6r\u00f6mmel osztjuk meg a gy\u00f6ny\u00f6r\u0171 spanyolorsz\u00e1gi Barcelon\u00e1ban, okt\u00f3ber 29-\u00e9n \u00e9s 30-\u00e1n tartott m\u00e1sodik transznacion\u00e1lis projekttal\u00e1lkoz\u00f3 legfontosabb esem\u00e9nyeit!","og_url":"https:\/\/sustain-ed.eu\/hu\/a-sustained-projekt-masodik-szemelyes-talalkozoja-barcelonaban-spanyolorszagban\/","og_site_name":"SustainEd","article_publisher":"https:\/\/www.facebook.com\/projectSustainEd","article_published_time":"2024-11-04T10:59:00+00:00","article_modified_time":"2025-11-19T06:15:44+00:00","og_image":[{"width":1230,"height":926,"url":"https:\/\/sustain-ed.eu\/wp-content\/uploads\/2024\/11\/IMG_20241029_161712-scaled-e1756882571741.jpg","type":"image\/jpeg"}],"author":"SustainEd Team","twitter_card":"summary_large_image","twitter_misc":{"Szerz\u0151:":"SustainEd Team","Becs\u00fclt olvas\u00e1si id\u0151":"1 perc"},"schema":{"@context":"https:\/\/schema.org","@graph":[{"@type":"Article","@id":"https:\/\/sustain-ed.eu\/hu\/a-sustained-projekt-masodik-szemelyes-talalkozoja-barcelonaban-spanyolorszagban\/#article","isPartOf":{"@id":"https:\/\/sustain-ed.eu\/hu\/a-sustained-projekt-masodik-szemelyes-talalkozoja-barcelonaban-spanyolorszagban\/"},"author":{"name":"SustainEd Team","@id":"https:\/\/sustain-ed.eu\/#\/schema\/person\/3790aa054fac2dcd22115198f75c869d"},"headline":"A SustainEd projekt m\u00e1sodik szem\u00e9lyes tal\u00e1lkoz\u00f3ja Barcelon\u00e1ban, Spanyolorsz\u00e1gban","datePublished":"2024-11-04T10:59:00+00:00","dateModified":"2025-11-19T06:15:44+00:00","mainEntityOfPage":{"@id":"https:\/\/sustain-ed.eu\/hu\/a-sustained-projekt-masodik-szemelyes-talalkozoja-barcelonaban-spanyolorszagban\/"},"wordCount":313,"publisher":{"@id":"https:\/\/sustain-ed.eu\/#organization"},"image":{"@id":"https:\/\/sustain-ed.eu\/hu\/a-sustained-projekt-masodik-szemelyes-talalkozoja-barcelonaban-spanyolorszagban\/#primaryimage"},"thumbnailUrl":"https:\/\/sustain-ed.eu\/wp-content\/uploads\/2024\/11\/IMG_20241029_161712-scaled-e1756882571741.jpg","articleSection":["H\u00edrek","Projekt tal\u00e1lkoz\u00f3k"],"inLanguage":"hu"},{"@type":"WebPage","@id":"https:\/\/sustain-ed.eu\/hu\/a-sustained-projekt-masodik-szemelyes-talalkozoja-barcelonaban-spanyolorszagban\/","url":"https:\/\/sustain-ed.eu\/hu\/a-sustained-projekt-masodik-szemelyes-talalkozoja-barcelonaban-spanyolorszagban\/","name":"A SustainEd projekt m\u00e1sodik szem\u00e9lyes tal\u00e1lkoz\u00f3ja Barcelon\u00e1ban, Spanyolorsz\u00e1gban | SustainEd","isPartOf":{"@id":"https:\/\/sustain-ed.eu\/#website"},"primaryImageOfPage":{"@id":"https:\/\/sustain-ed.eu\/hu\/a-sustained-projekt-masodik-szemelyes-talalkozoja-barcelonaban-spanyolorszagban\/#primaryimage"},"image":{"@id":"https:\/\/sustain-ed.eu\/hu\/a-sustained-projekt-masodik-szemelyes-talalkozoja-barcelonaban-spanyolorszagban\/#primaryimage"},"thumbnailUrl":"https:\/\/sustain-ed.eu\/wp-content\/uploads\/2024\/11\/IMG_20241029_161712-scaled-e1756882571741.jpg","datePublished":"2024-11-04T10:59:00+00:00","dateModified":"2025-11-19T06:15:44+00:00","breadcrumb":{"@id":"https:\/\/sustain-ed.eu\/hu\/a-sustained-projekt-masodik-szemelyes-talalkozoja-barcelonaban-spanyolorszagban\/#breadcrumb"},"inLanguage":"hu","potentialAction":[{"@type":"ReadAction","target":["https:\/\/sustain-ed.eu\/hu\/a-sustained-projekt-masodik-szemelyes-talalkozoja-barcelonaban-spanyolorszagban\/"]}]},{"@type":"ImageObject","inLanguage":"hu","@id":"https:\/\/sustain-ed.eu\/hu\/a-sustained-projekt-masodik-szemelyes-talalkozoja-barcelonaban-spanyolorszagban\/#primaryimage","url":"https:\/\/sustain-ed.eu\/wp-content\/uploads\/2024\/11\/IMG_20241029_161712-scaled-e1756882571741.jpg","contentUrl":"https:\/\/sustain-ed.eu\/wp-content\/uploads\/2024\/11\/IMG_20241029_161712-scaled-e1756882571741.jpg","width":1230,"height":926},{"@type":"BreadcrumbList","@id":"https:\/\/sustain-ed.eu\/hu\/a-sustained-projekt-masodik-szemelyes-talalkozoja-barcelonaban-spanyolorszagban\/#breadcrumb","itemListElement":[{"@type":"ListItem","position":1,"name":"Home","item":"https:\/\/sustain-ed.eu\/hu\/"},{"@type":"ListItem","position":2,"name":"A SustainEd projekt m\u00e1sodik szem\u00e9lyes tal\u00e1lkoz\u00f3ja Barcelon\u00e1ban, Spanyolorsz\u00e1gban"}]},{"@type":"WebSite","@id":"https:\/\/sustain-ed.eu\/#website","url":"https:\/\/sustain-ed.eu\/","name":"SustainEd","description":"SustainEd Erasmus+ Project","publisher":{"@id":"https:\/\/sustain-ed.eu\/#organization"},"potentialAction":[{"@type":"SearchAction","target":{"@type":"EntryPoint","urlTemplate":"https:\/\/sustain-ed.eu\/?s={search_term_string}"},"query-input":{"@type":"PropertyValueSpecification","valueRequired":true,"valueName":"search_term_string"}}],"inLanguage":"hu"},{"@type":"Organization","@id":"https:\/\/sustain-ed.eu\/#organization","name":"SustainEd","url":"https:\/\/sustain-ed.eu\/","logo":{"@type":"ImageObject","inLanguage":"hu","@id":"https:\/\/sustain-ed.eu\/#\/schema\/logo\/image\/","url":"https:\/\/sustain-ed.eu\/wp-content\/uploads\/2024\/06\/SustainEd_Logo.png","contentUrl":"https:\/\/sustain-ed.eu\/wp-content\/uploads\/2024\/06\/SustainEd_Logo.png","width":300,"height":300,"caption":"SustainEd"},"image":{"@id":"https:\/\/sustain-ed.eu\/#\/schema\/logo\/image\/"},"sameAs":["https:\/\/www.facebook.com\/projectSustainEd","https:\/\/www.linkedin.com\/company\/102452710","https:\/\/www.youtube.com\/@SustainEdProject"]},{"@type":"Person","@id":"https:\/\/sustain-ed.eu\/#\/schema\/person\/3790aa054fac2dcd22115198f75c869d","name":"SustainEd Team","image":{"@type":"ImageObject","inLanguage":"hu","@id":"https:\/\/secure.gravatar.com\/avatar\/e912995d493c50cd3120914b9054f02a8fbc89f52f9dd7b0e8b832064a4ec7f9?s=96&d=mm&r=g","url":"https:\/\/secure.gravatar.com\/avatar\/e912995d493c50cd3120914b9054f02a8fbc89f52f9dd7b0e8b832064a4ec7f9?s=96&d=mm&r=g","contentUrl":"https:\/\/secure.gravatar.com\/avatar\/e912995d493c50cd3120914b9054f02a8fbc89f52f9dd7b0e8b832064a4ec7f9?s=96&d=mm&r=g","caption":"SustainEd Team"},"sameAs":["https:\/\/sustain-ed.eu"],"url":"https:\/\/sustain-ed.eu\/hu\/author\/sustainedadm\/"}]}},"_links":{"self":[{"href":"https:\/\/sustain-ed.eu\/hu\/wp-json\/wp\/v2\/posts\/28675","targetHints":{"allow":["GET"]}}],"collection":[{"href":"https:\/\/sustain-ed.eu\/hu\/wp-json\/wp\/v2\/posts"}],"about":[{"href":"https:\/\/sustain-ed.eu\/hu\/wp-json\/wp\/v2\/types\/post"}],"author":[{"embeddable":true,"href":"https:\/\/sustain-ed.eu\/hu\/wp-json\/wp\/v2\/users\/1"}],"replies":[{"embeddable":true,"href":"https:\/\/sustain-ed.eu\/hu\/wp-json\/wp\/v2\/comments?post=28675"}],"version-history":[{"count":0,"href":"https:\/\/sustain-ed.eu\/hu\/wp-json\/wp\/v2\/posts\/28675\/revisions"}],"wp:featuredmedia":[{"embeddable":true,"href":"https:\/\/sustain-ed.eu\/hu\/wp-json\/wp\/v2\/media\/28667"}],"wp:attachment":[{"href":"https:\/\/sustain-ed.eu\/hu\/wp-json\/wp\/v2\/media?parent=28675"}],"wp:term":[{"taxonomy":"category","embeddable":true,"href":"https:\/\/sustain-ed.eu\/hu\/wp-json\/wp\/v2\/categories?post=28675"},{"taxonomy":"post_tag","embeddable":true,"href":"https:\/\/sustain-ed.eu\/hu\/wp-json\/wp\/v2\/tags?post=28675"}],"curies":[{"name":"wp","href":"https:\/\/api.w.org\/{rel}","templated":true}]}}